{"id":3983,"date":"2018-11-22T12:48:31","date_gmt":"2018-11-22T11:48:31","guid":{"rendered":"http:\/\/explora.pl\/blog\/?p=3983"},"modified":"2018-11-22T13:03:18","modified_gmt":"2018-11-22T12:03:18","slug":"niepodlegla-regionalna-w-archiwum-11-11-2018-r-koszalin","status":"publish","type":"post","link":"https:\/\/explora.pl\/blog\/niepodlegla-regionalna-w-archiwum-11-11-2018-r-koszalin\/","title":{"rendered":"Niepodleg\u0142a Regionalna w Archiwum &#8211; 11.11.2018 r. &#8211; Koszalin"},"content":{"rendered":"<h5><strong>Pe\u0142ny reporta\u017c dost\u0119pny pod adresem na FB:<\/strong><br \/>\n<a href=\"https:\/\/www.facebook.com\/media\/set\/?set=a.2181050255272140&amp;type=1&amp;l=455e63802e\" target=\"_blank\" rel=\"noopener\"><strong>https:\/\/www.facebook.com\/media\/set\/?set=a.2181050255272140&amp;type=1&amp;l=455e63802e<\/strong><\/a><\/h5>\n<p><a href=\"http:\/\/explora.pl\/blog\/wp-content\/uploads\/2018\/11\/apkoszalinwww001.jpg\"><img loading=\"lazy\" decoding=\"async\" class=\"alignleft size-full wp-image-3984\" src=\"http:\/\/explora.pl\/blog\/wp-content\/uploads\/2018\/11\/apkoszalinwww001.jpg\" alt=\"\" width=\"1250\" height=\"833\" srcset=\"https:\/\/explora.pl\/blog\/wp-content\/uploads\/2018\/11\/apkoszalinwww001.jpg 1250w, https:\/\/explora.pl\/blog\/wp-content\/uploads\/2018\/11\/apkoszalinwww001-300x200.jpg 300w, https:\/\/explora.pl\/blog\/wp-content\/uploads\/2018\/11\/apkoszalinwww001-768x512.jpg 768w\" sizes=\"auto, (max-width: 1250px) 100vw, 1250px\" \/><\/a> <a href=\"http:\/\/explora.pl\/blog\/wp-content\/uploads\/2018\/11\/apkoszalinwww012.jpg\"><img loading=\"lazy\" decoding=\"async\" class=\"alignleft size-full wp-image-3985\" src=\"http:\/\/explora.pl\/blog\/wp-content\/uploads\/2018\/11\/apkoszalinwww012.jpg\" alt=\"\" width=\"1250\" height=\"833\" srcset=\"https:\/\/explora.pl\/blog\/wp-content\/uploads\/2018\/11\/apkoszalinwww012.jpg 1250w, https:\/\/explora.pl\/blog\/wp-content\/uploads\/2018\/11\/apkoszalinwww012-300x200.jpg 300w, https:\/\/explora.pl\/blog\/wp-content\/uploads\/2018\/11\/apkoszalinwww012-768x512.jpg 768w\" sizes=\"auto, (max-width: 1250px) 100vw, 1250px\" \/><\/a> <a href=\"http:\/\/explora.pl\/blog\/wp-content\/uploads\/2018\/11\/apkoszalinwww042.jpg\"><img loading=\"lazy\" decoding=\"async\" class=\"alignleft size-full wp-image-3986\" src=\"http:\/\/explora.pl\/blog\/wp-content\/uploads\/2018\/11\/apkoszalinwww042.jpg\" alt=\"\" width=\"1250\" height=\"833\" srcset=\"https:\/\/explora.pl\/blog\/wp-content\/uploads\/2018\/11\/apkoszalinwww042.jpg 1250w, https:\/\/explora.pl\/blog\/wp-content\/uploads\/2018\/11\/apkoszalinwww042-300x200.jpg 300w, https:\/\/explora.pl\/blog\/wp-content\/uploads\/2018\/11\/apkoszalinwww042-768x512.jpg 768w\" sizes=\"auto, (max-width: 1250px) 100vw, 1250px\" \/><\/a> <a href=\"http:\/\/explora.pl\/blog\/wp-content\/uploads\/2018\/11\/apkoszalinwww059.jpg\"><img loading=\"lazy\" decoding=\"async\" class=\"alignleft size-full wp-image-3987\" src=\"http:\/\/explora.pl\/blog\/wp-content\/uploads\/2018\/11\/apkoszalinwww059.jpg\" alt=\"\" width=\"1250\" height=\"833\" srcset=\"https:\/\/explora.pl\/blog\/wp-content\/uploads\/2018\/11\/apkoszalinwww059.jpg 1250w, https:\/\/explora.pl\/blog\/wp-content\/uploads\/2018\/11\/apkoszalinwww059-300x200.jpg 300w, https:\/\/explora.pl\/blog\/wp-content\/uploads\/2018\/11\/apkoszalinwww059-768x512.jpg 768w\" sizes=\"auto, (max-width: 1250px) 100vw, 1250px\" \/><\/a> <a href=\"http:\/\/explora.pl\/blog\/wp-content\/uploads\/2018\/11\/apkoszalinwww088.jpg\"><img loading=\"lazy\" decoding=\"async\" class=\"alignleft size-full wp-image-3988\" src=\"http:\/\/explora.pl\/blog\/wp-content\/uploads\/2018\/11\/apkoszalinwww088.jpg\" alt=\"\" width=\"1250\" height=\"833\" srcset=\"https:\/\/explora.pl\/blog\/wp-content\/uploads\/2018\/11\/apkoszalinwww088.jpg 1250w, https:\/\/explora.pl\/blog\/wp-content\/uploads\/2018\/11\/apkoszalinwww088-300x200.jpg 300w, https:\/\/explora.pl\/blog\/wp-content\/uploads\/2018\/11\/apkoszalinwww088-768x512.jpg 768w\" sizes=\"auto, (max-width: 1250px) 100vw, 1250px\" \/><\/a> <a href=\"http:\/\/explora.pl\/blog\/wp-content\/uploads\/2018\/11\/apkoszalinwww100.jpg\"><img loading=\"lazy\" decoding=\"async\" class=\"alignleft size-full wp-image-3989\" src=\"http:\/\/explora.pl\/blog\/wp-content\/uploads\/2018\/11\/apkoszalinwww100.jpg\" alt=\"\" width=\"1250\" height=\"833\" srcset=\"https:\/\/explora.pl\/blog\/wp-content\/uploads\/2018\/11\/apkoszalinwww100.jpg 1250w, https:\/\/explora.pl\/blog\/wp-content\/uploads\/2018\/11\/apkoszalinwww100-300x200.jpg 300w, https:\/\/explora.pl\/blog\/wp-content\/uploads\/2018\/11\/apkoszalinwww100-768x512.jpg 768w\" sizes=\"auto, (max-width: 1250px) 100vw, 1250px\" \/><\/a> <a href=\"http:\/\/explora.pl\/blog\/wp-content\/uploads\/2018\/11\/apkoszalinwww108.jpg\"><img loading=\"lazy\" decoding=\"async\" class=\"alignleft size-full wp-image-3990\" src=\"http:\/\/explora.pl\/blog\/wp-content\/uploads\/2018\/11\/apkoszalinwww108.jpg\" alt=\"\" width=\"1250\" height=\"833\" srcset=\"https:\/\/explora.pl\/blog\/wp-content\/uploads\/2018\/11\/apkoszalinwww108.jpg 1250w, https:\/\/explora.pl\/blog\/wp-content\/uploads\/2018\/11\/apkoszalinwww108-300x200.jpg 300w, https:\/\/explora.pl\/blog\/wp-content\/uploads\/2018\/11\/apkoszalinwww108-768x512.jpg 768w\" sizes=\"auto, (max-width: 1250px) 100vw, 1250px\" \/><\/a> <a href=\"http:\/\/explora.pl\/blog\/wp-content\/uploads\/2018\/11\/apkoszalinwww176.jpg\"><img loading=\"lazy\" decoding=\"async\" class=\"alignleft size-full wp-image-3991\" src=\"http:\/\/explora.pl\/blog\/wp-content\/uploads\/2018\/11\/apkoszalinwww176.jpg\" alt=\"\" width=\"1250\" height=\"833\" srcset=\"https:\/\/explora.pl\/blog\/wp-content\/uploads\/2018\/11\/apkoszalinwww176.jpg 1250w, https:\/\/explora.pl\/blog\/wp-content\/uploads\/2018\/11\/apkoszalinwww176-300x200.jpg 300w, https:\/\/explora.pl\/blog\/wp-content\/uploads\/2018\/11\/apkoszalinwww176-768x512.jpg 768w\" sizes=\"auto, (max-width: 1250px) 100vw, 1250px\" \/><\/a> <a href=\"http:\/\/explora.pl\/blog\/wp-content\/uploads\/2018\/11\/apkoszalinwww179.jpg\"><img loading=\"lazy\" decoding=\"async\" class=\"alignleft size-full wp-image-3992\" src=\"http:\/\/explora.pl\/blog\/wp-content\/uploads\/2018\/11\/apkoszalinwww179.jpg\" alt=\"\" width=\"1250\" height=\"833\" srcset=\"https:\/\/explora.pl\/blog\/wp-content\/uploads\/2018\/11\/apkoszalinwww179.jpg 1250w, https:\/\/explora.pl\/blog\/wp-content\/uploads\/2018\/11\/apkoszalinwww179-300x200.jpg 300w, https:\/\/explora.pl\/blog\/wp-content\/uploads\/2018\/11\/apkoszalinwww179-768x512.jpg 768w\" sizes=\"auto, (max-width: 1250px) 100vw, 1250px\" \/><\/a> <a href=\"http:\/\/explora.pl\/blog\/wp-content\/uploads\/2018\/11\/apkoszalinwww192.jpg\"><img loading=\"lazy\" decoding=\"async\" class=\"alignleft size-full wp-image-3993\" src=\"http:\/\/explora.pl\/blog\/wp-content\/uploads\/2018\/11\/apkoszalinwww192.jpg\" alt=\"\" width=\"1250\" height=\"833\" srcset=\"https:\/\/explora.pl\/blog\/wp-content\/uploads\/2018\/11\/apkoszalinwww192.jpg 1250w, https:\/\/explora.pl\/blog\/wp-content\/uploads\/2018\/11\/apkoszalinwww192-300x200.jpg 300w, https:\/\/explora.pl\/blog\/wp-content\/uploads\/2018\/11\/apkoszalinwww192-768x512.jpg 768w\" sizes=\"auto, (max-width: 1250px) 100vw, 1250px\" \/><\/a> <a href=\"http:\/\/explora.pl\/blog\/wp-content\/uploads\/2018\/11\/apkoszalinwww197.jpg\"><img loading=\"lazy\" decoding=\"async\" class=\"alignleft size-full wp-image-3994\" src=\"http:\/\/explora.pl\/blog\/wp-content\/uploads\/2018\/11\/apkoszalinwww197.jpg\" alt=\"\" width=\"1250\" height=\"833\" srcset=\"https:\/\/explora.pl\/blog\/wp-content\/uploads\/2018\/11\/apkoszalinwww197.jpg 1250w, https:\/\/explora.pl\/blog\/wp-content\/uploads\/2018\/11\/apkoszalinwww197-300x200.jpg 300w, https:\/\/explora.pl\/blog\/wp-content\/uploads\/2018\/11\/apkoszalinwww197-768x512.jpg 768w\" sizes=\"auto, (max-width: 1250px) 100vw, 1250px\" \/><\/a> <a href=\"http:\/\/explora.pl\/blog\/wp-content\/uploads\/2018\/11\/apkoszalinwww200.jpg\"><img loading=\"lazy\" decoding=\"async\" class=\"alignleft size-full wp-image-3995\" src=\"http:\/\/explora.pl\/blog\/wp-content\/uploads\/2018\/11\/apkoszalinwww200.jpg\" alt=\"\" width=\"1250\" height=\"833\" srcset=\"https:\/\/explora.pl\/blog\/wp-content\/uploads\/2018\/11\/apkoszalinwww200.jpg 1250w, https:\/\/explora.pl\/blog\/wp-content\/uploads\/2018\/11\/apkoszalinwww200-300x200.jpg 300w, https:\/\/explora.pl\/blog\/wp-content\/uploads\/2018\/11\/apkoszalinwww200-768x512.jpg 768w\" sizes=\"auto, (max-width: 1250px) 100vw, 1250px\" \/><\/a> <a href=\"http:\/\/explora.pl\/blog\/wp-content\/uploads\/2018\/11\/apkoszalinwww230.jpg\"><img loading=\"lazy\" decoding=\"async\" class=\"alignleft size-full wp-image-3996\" src=\"http:\/\/explora.pl\/blog\/wp-content\/uploads\/2018\/11\/apkoszalinwww230.jpg\" alt=\"\" width=\"1250\" height=\"833\" srcset=\"https:\/\/explora.pl\/blog\/wp-content\/uploads\/2018\/11\/apkoszalinwww230.jpg 1250w, https:\/\/explora.pl\/blog\/wp-content\/uploads\/2018\/11\/apkoszalinwww230-300x200.jpg 300w, https:\/\/explora.pl\/blog\/wp-content\/uploads\/2018\/11\/apkoszalinwww230-768x512.jpg 768w\" sizes=\"auto, (max-width: 1250px) 100vw, 1250px\" \/><\/a> <a href=\"http:\/\/explora.pl\/blog\/wp-content\/uploads\/2018\/11\/apkoszalinwww234.jpg\"><img loading=\"lazy\" decoding=\"async\" class=\"alignleft size-full wp-image-3997\" src=\"http:\/\/explora.pl\/blog\/wp-content\/uploads\/2018\/11\/apkoszalinwww234.jpg\" alt=\"\" width=\"1250\" height=\"833\" srcset=\"https:\/\/explora.pl\/blog\/wp-content\/uploads\/2018\/11\/apkoszalinwww234.jpg 1250w, https:\/\/explora.pl\/blog\/wp-content\/uploads\/2018\/11\/apkoszalinwww234-300x200.jpg 300w, https:\/\/explora.pl\/blog\/wp-content\/uploads\/2018\/11\/apkoszalinwww234-768x512.jpg 768w\" sizes=\"auto, (max-width: 1250px) 100vw, 1250px\" \/><\/a> <a href=\"http:\/\/explora.pl\/blog\/wp-content\/uploads\/2018\/11\/apkoszalinwww238.jpg\"><img loading=\"lazy\" decoding=\"async\" class=\"alignleft size-full wp-image-3998\" src=\"http:\/\/explora.pl\/blog\/wp-content\/uploads\/2018\/11\/apkoszalinwww238.jpg\" alt=\"\" width=\"1250\" height=\"833\" srcset=\"https:\/\/explora.pl\/blog\/wp-content\/uploads\/2018\/11\/apkoszalinwww238.jpg 1250w, https:\/\/explora.pl\/blog\/wp-content\/uploads\/2018\/11\/apkoszalinwww238-300x200.jpg 300w, https:\/\/explora.pl\/blog\/wp-content\/uploads\/2018\/11\/apkoszalinwww238-768x512.jpg 768w\" sizes=\"auto, (max-width: 1250px) 100vw, 1250px\" \/><\/a> <a href=\"http:\/\/explora.pl\/blog\/wp-content\/uploads\/2018\/11\/apkoszalinwww245.jpg\"><img loading=\"lazy\" decoding=\"async\" class=\"alignleft size-full wp-image-3999\" src=\"http:\/\/explora.pl\/blog\/wp-content\/uploads\/2018\/11\/apkoszalinwww245.jpg\" alt=\"\" width=\"1250\" height=\"833\" srcset=\"https:\/\/explora.pl\/blog\/wp-content\/uploads\/2018\/11\/apkoszalinwww245.jpg 1250w, https:\/\/explora.pl\/blog\/wp-content\/uploads\/2018\/11\/apkoszalinwww245-300x200.jpg 300w, https:\/\/explora.pl\/blog\/wp-content\/uploads\/2018\/11\/apkoszalinwww245-768x512.jpg 768w\" sizes=\"auto, (max-width: 1250px) 100vw, 1250px\" \/><\/a> <a href=\"http:\/\/explora.pl\/blog\/wp-content\/uploads\/2018\/11\/apkoszalinwww295.jpg\"><img loading=\"lazy\" decoding=\"async\" class=\"alignleft size-full wp-image-4000\" src=\"http:\/\/explora.pl\/blog\/wp-content\/uploads\/2018\/11\/apkoszalinwww295.jpg\" alt=\"\" width=\"1250\" height=\"833\" srcset=\"https:\/\/explora.pl\/blog\/wp-content\/uploads\/2018\/11\/apkoszalinwww295.jpg 1250w, https:\/\/explora.pl\/blog\/wp-content\/uploads\/2018\/11\/apkoszalinwww295-300x200.jpg 300w, https:\/\/explora.pl\/blog\/wp-content\/uploads\/2018\/11\/apkoszalinwww295-768x512.jpg 768w\" sizes=\"auto, (max-width: 1250px) 100vw, 1250px\" \/><\/a> <a href=\"http:\/\/explora.pl\/blog\/wp-content\/uploads\/2018\/11\/apkoszalinwww324.jpg\"><img loading=\"lazy\" decoding=\"async\" class=\"alignleft size-full wp-image-4001\" src=\"http:\/\/explora.pl\/blog\/wp-content\/uploads\/2018\/11\/apkoszalinwww324.jpg\" alt=\"\" width=\"1250\" height=\"833\" srcset=\"https:\/\/explora.pl\/blog\/wp-content\/uploads\/2018\/11\/apkoszalinwww324.jpg 1250w, https:\/\/explora.pl\/blog\/wp-content\/uploads\/2018\/11\/apkoszalinwww324-300x200.jpg 300w, https:\/\/explora.pl\/blog\/wp-content\/uploads\/2018\/11\/apkoszalinwww324-768x512.jpg 768w\" sizes=\"auto, (max-width: 1250px) 100vw, 1250px\" \/><\/a> <a href=\"http:\/\/explora.pl\/blog\/wp-content\/uploads\/2018\/11\/apkoszalinwww337.jpg\"><img loading=\"lazy\" decoding=\"async\" class=\"alignleft size-full wp-image-4002\" src=\"http:\/\/explora.pl\/blog\/wp-content\/uploads\/2018\/11\/apkoszalinwww337.jpg\" alt=\"\" width=\"1250\" height=\"833\" srcset=\"https:\/\/explora.pl\/blog\/wp-content\/uploads\/2018\/11\/apkoszalinwww337.jpg 1250w, https:\/\/explora.pl\/blog\/wp-content\/uploads\/2018\/11\/apkoszalinwww337-300x200.jpg 300w, https:\/\/explora.pl\/blog\/wp-content\/uploads\/2018\/11\/apkoszalinwww337-768x512.jpg 768w\" sizes=\"auto, (max-width: 1250px) 100vw, 1250px\" \/><\/a> <a href=\"http:\/\/explora.pl\/blog\/wp-content\/uploads\/2018\/11\/apkoszalinwww345.jpg\"><img loading=\"lazy\" decoding=\"async\" class=\"alignleft size-full wp-image-4003\" src=\"http:\/\/explora.pl\/blog\/wp-content\/uploads\/2018\/11\/apkoszalinwww345.jpg\" alt=\"\" width=\"1250\" height=\"833\" srcset=\"https:\/\/explora.pl\/blog\/wp-content\/uploads\/2018\/11\/apkoszalinwww345.jpg 1250w, https:\/\/explora.pl\/blog\/wp-content\/uploads\/2018\/11\/apkoszalinwww345-300x200.jpg 300w, https:\/\/explora.pl\/blog\/wp-content\/uploads\/2018\/11\/apkoszalinwww345-768x512.jpg 768w\" sizes=\"auto, (max-width: 1250px) 100vw, 1250px\" \/><\/a> <a href=\"http:\/\/explora.pl\/blog\/wp-content\/uploads\/2018\/11\/apkoszalinwww348.jpg\"><img loading=\"lazy\" decoding=\"async\" class=\"alignleft size-full wp-image-4004\" src=\"http:\/\/explora.pl\/blog\/wp-content\/uploads\/2018\/11\/apkoszalinwww348.jpg\" alt=\"\" width=\"1250\" height=\"833\" srcset=\"https:\/\/explora.pl\/blog\/wp-content\/uploads\/2018\/11\/apkoszalinwww348.jpg 1250w, https:\/\/explora.pl\/blog\/wp-content\/uploads\/2018\/11\/apkoszalinwww348-300x200.jpg 300w, https:\/\/explora.pl\/blog\/wp-content\/uploads\/2018\/11\/apkoszalinwww348-768x512.jpg 768w\" sizes=\"auto, (max-width: 1250px) 100vw, 1250px\" \/><\/a><\/p>\n","protected":false},"excerpt":{"rendered":"<p>Pe\u0142ny reporta\u017c dost\u0119pny pod adresem na FB: https:\/\/www.facebook.com\/media\/set\/?set=a.2181050255272140&amp;type=1&amp;l=455e63802e<\/p>\n","protected":false},"author":2,"featured_media":3988,"comment_status":"closed","ping_status":"open","sticky":false,"template":"","format":"standard","meta":{"kt_blocks_editor_width":"","footnotes":""},"categories":[1],"tags":[],"class_list":["post-3983","post","type-post","status-publish","format-standard","has-post-thumbnail","hentry","category-bez-kategorii"],"yoast_head":"<!-- This site is optimized with the Yoast SEO plugin v27.1.1 - https:\/\/yoast.com\/product\/yoast-seo-wordpress\/ -->\n<title>Niepodleg\u0142a Regionalna w Archiwum - 11.11.2018 r. - Koszalin - Fotograf Koszalin, Fotograf \u015blubny Koszalin, Fotograf \u015blubny Bia\u0142ogard, Fotograf Bia\u0142ogard, zdj\u0119cia \u015blubne Koszalin<\/title>\n<meta name=\"robots\" content=\"index, follow, max-snippet:-1, max-image-preview:large, max-video-preview:-1\" \/>\n<link rel=\"canonical\" href=\"https:\/\/explora.pl\/blog\/niepodlegla-regionalna-w-archiwum-11-11-2018-r-koszalin\/\" \/>\n<meta property=\"og:locale\" content=\"pl_PL\" \/>\n<meta property=\"og:type\" content=\"article\" \/>\n<meta property=\"og:title\" content=\"Niepodleg\u0142a Regionalna w Archiwum - 11.11.2018 r. - Koszalin - Fotograf Koszalin, Fotograf \u015blubny Koszalin, Fotograf \u015blubny Bia\u0142ogard, Fotograf Bia\u0142ogard, zdj\u0119cia \u015blubne Koszalin\" \/>\n<meta property=\"og:description\" content=\"Pe\u0142ny reporta\u017c dost\u0119pny pod adresem na FB: https:\/\/www.facebook.com\/media\/set\/?set=a.2181050255272140&amp;type=1&amp;l=455e63802e\" \/>\n<meta property=\"og:url\" content=\"https:\/\/explora.pl\/blog\/niepodlegla-regionalna-w-archiwum-11-11-2018-r-koszalin\/\" \/>\n<meta property=\"og:site_name\" content=\"Fotograf Koszalin, Fotograf \u015blubny Koszalin, Fotograf \u015blubny Bia\u0142ogard, Fotograf Bia\u0142ogard, zdj\u0119cia \u015blubne Koszalin\" \/>\n<meta property=\"article:publisher\" content=\"https:\/\/www.facebook.com\/adam.kazmierski.fotografia\" \/>\n<meta property=\"article:published_time\" content=\"2018-11-22T11:48:31+00:00\" \/>\n<meta property=\"article:modified_time\" content=\"2018-11-22T12:03:18+00:00\" \/>\n<meta property=\"og:image\" content=\"https:\/\/explora.pl\/blog\/wp-content\/uploads\/2018\/11\/apkoszalinwww088.jpg\" \/>\n\t<meta property=\"og:image:width\" content=\"1250\" \/>\n\t<meta property=\"og:image:height\" content=\"833\" \/>\n\t<meta property=\"og:image:type\" content=\"image\/jpeg\" \/>\n<meta name=\"author\" content=\"admin\" \/>\n<meta name=\"twitter:card\" content=\"summary_large_image\" \/>\n<meta name=\"twitter:label1\" content=\"Napisane przez\" \/>\n\t<meta name=\"twitter:data1\" content=\"admin\" \/>\n<script type=\"application\/ld+json\" class=\"yoast-schema-graph\">{\"@context\":\"https:\/\/schema.org\",\"@graph\":[{\"@type\":\"Article\",\"@id\":\"https:\/\/explora.pl\/blog\/niepodlegla-regionalna-w-archiwum-11-11-2018-r-koszalin\/#article\",\"isPartOf\":{\"@id\":\"https:\/\/explora.pl\/blog\/niepodlegla-regionalna-w-archiwum-11-11-2018-r-koszalin\/\"},\"author\":{\"name\":\"admin\",\"@id\":\"https:\/\/explora.pl\/blog\/#\/schema\/person\/00863b1d43bf8bb4b4545c9816e856d9\"},\"headline\":\"Niepodleg\u0142a Regionalna w Archiwum &#8211; 11.11.2018 r. &#8211; Koszalin\",\"datePublished\":\"2018-11-22T11:48:31+00:00\",\"dateModified\":\"2018-11-22T12:03:18+00:00\",\"mainEntityOfPage\":{\"@id\":\"https:\/\/explora.pl\/blog\/niepodlegla-regionalna-w-archiwum-11-11-2018-r-koszalin\/\"},\"wordCount\":32,\"image\":{\"@id\":\"https:\/\/explora.pl\/blog\/niepodlegla-regionalna-w-archiwum-11-11-2018-r-koszalin\/#primaryimage\"},\"thumbnailUrl\":\"https:\/\/explora.pl\/blog\/wp-content\/uploads\/2018\/11\/apkoszalinwww088.jpg\",\"inLanguage\":\"pl-PL\"},{\"@type\":\"WebPage\",\"@id\":\"https:\/\/explora.pl\/blog\/niepodlegla-regionalna-w-archiwum-11-11-2018-r-koszalin\/\",\"url\":\"https:\/\/explora.pl\/blog\/niepodlegla-regionalna-w-archiwum-11-11-2018-r-koszalin\/\",\"name\":\"Niepodleg\u0142a Regionalna w Archiwum - 11.11.2018 r. - Koszalin - Fotograf Koszalin, Fotograf \u015blubny Koszalin, Fotograf \u015blubny Bia\u0142ogard, Fotograf Bia\u0142ogard, zdj\u0119cia \u015blubne Koszalin\",\"isPartOf\":{\"@id\":\"https:\/\/explora.pl\/blog\/#website\"},\"primaryImageOfPage\":{\"@id\":\"https:\/\/explora.pl\/blog\/niepodlegla-regionalna-w-archiwum-11-11-2018-r-koszalin\/#primaryimage\"},\"image\":{\"@id\":\"https:\/\/explora.pl\/blog\/niepodlegla-regionalna-w-archiwum-11-11-2018-r-koszalin\/#primaryimage\"},\"thumbnailUrl\":\"https:\/\/explora.pl\/blog\/wp-content\/uploads\/2018\/11\/apkoszalinwww088.jpg\",\"datePublished\":\"2018-11-22T11:48:31+00:00\",\"dateModified\":\"2018-11-22T12:03:18+00:00\",\"author\":{\"@id\":\"https:\/\/explora.pl\/blog\/#\/schema\/person\/00863b1d43bf8bb4b4545c9816e856d9\"},\"breadcrumb\":{\"@id\":\"https:\/\/explora.pl\/blog\/niepodlegla-regionalna-w-archiwum-11-11-2018-r-koszalin\/#breadcrumb\"},\"inLanguage\":\"pl-PL\",\"potentialAction\":[{\"@type\":\"ReadAction\",\"target\":[\"https:\/\/explora.pl\/blog\/niepodlegla-regionalna-w-archiwum-11-11-2018-r-koszalin\/\"]}]},{\"@type\":\"ImageObject\",\"inLanguage\":\"pl-PL\",\"@id\":\"https:\/\/explora.pl\/blog\/niepodlegla-regionalna-w-archiwum-11-11-2018-r-koszalin\/#primaryimage\",\"url\":\"https:\/\/explora.pl\/blog\/wp-content\/uploads\/2018\/11\/apkoszalinwww088.jpg\",\"contentUrl\":\"https:\/\/explora.pl\/blog\/wp-content\/uploads\/2018\/11\/apkoszalinwww088.jpg\",\"width\":1250,\"height\":833},{\"@type\":\"BreadcrumbList\",\"@id\":\"https:\/\/explora.pl\/blog\/niepodlegla-regionalna-w-archiwum-11-11-2018-r-koszalin\/#breadcrumb\",\"itemListElement\":[{\"@type\":\"ListItem\",\"position\":1,\"name\":\"Strona g\u0142\u00f3wna\",\"item\":\"https:\/\/explora.pl\/blog\/\"},{\"@type\":\"ListItem\",\"position\":2,\"name\":\"Niepodleg\u0142a Regionalna w Archiwum &#8211; 11.11.2018 r. &#8211; Koszalin\"}]},{\"@type\":\"WebSite\",\"@id\":\"https:\/\/explora.pl\/blog\/#website\",\"url\":\"https:\/\/explora.pl\/blog\/\",\"name\":\"Fotograf Koszalin, Fotograf \u015blubny Koszalin, Fotograf \u015blubny Bia\u0142ogard, Fotograf Bia\u0142ogard, zdj\u0119cia \u015blubne Koszalin\",\"description\":\"Fotografia \u015blubna Koszalin, portretowa, u\u017cytkowa oraz ekspresowe zdj\u0119cia do dokument\u00f3w - Koszalin\",\"potentialAction\":[{\"@type\":\"SearchAction\",\"target\":{\"@type\":\"EntryPoint\",\"urlTemplate\":\"https:\/\/explora.pl\/blog\/?s={search_term_string}\"},\"query-input\":{\"@type\":\"PropertyValueSpecification\",\"valueRequired\":true,\"valueName\":\"search_term_string\"}}],\"inLanguage\":\"pl-PL\"},{\"@type\":\"Person\",\"@id\":\"https:\/\/explora.pl\/blog\/#\/schema\/person\/00863b1d43bf8bb4b4545c9816e856d9\",\"name\":\"admin\",\"url\":\"https:\/\/explora.pl\/blog\/author\/admin-2\/\"}]}<\/script>\n<!-- \/ Yoast SEO plugin. -->","yoast_head_json":{"title":"Niepodleg\u0142a Regionalna w Archiwum - 11.11.2018 r. - Koszalin - Fotograf Koszalin, Fotograf \u015blubny Koszalin, Fotograf \u015blubny Bia\u0142ogard, Fotograf Bia\u0142ogard, zdj\u0119cia \u015blubne Koszalin","robots":{"index":"index","follow":"follow","max-snippet":"max-snippet:-1","max-image-preview":"max-image-preview:large","max-video-preview":"max-video-preview:-1"},"canonical":"https:\/\/explora.pl\/blog\/niepodlegla-regionalna-w-archiwum-11-11-2018-r-koszalin\/","og_locale":"pl_PL","og_type":"article","og_title":"Niepodleg\u0142a Regionalna w Archiwum - 11.11.2018 r. - Koszalin - Fotograf Koszalin, Fotograf \u015blubny Koszalin, Fotograf \u015blubny Bia\u0142ogard, Fotograf Bia\u0142ogard, zdj\u0119cia \u015blubne Koszalin","og_description":"Pe\u0142ny reporta\u017c dost\u0119pny pod adresem na FB: https:\/\/www.facebook.com\/media\/set\/?set=a.2181050255272140&amp;type=1&amp;l=455e63802e","og_url":"https:\/\/explora.pl\/blog\/niepodlegla-regionalna-w-archiwum-11-11-2018-r-koszalin\/","og_site_name":"Fotograf Koszalin, Fotograf \u015blubny Koszalin, Fotograf \u015blubny Bia\u0142ogard, Fotograf Bia\u0142ogard, zdj\u0119cia \u015blubne Koszalin","article_publisher":"https:\/\/www.facebook.com\/adam.kazmierski.fotografia","article_published_time":"2018-11-22T11:48:31+00:00","article_modified_time":"2018-11-22T12:03:18+00:00","og_image":[{"width":1250,"height":833,"url":"https:\/\/explora.pl\/blog\/wp-content\/uploads\/2018\/11\/apkoszalinwww088.jpg","type":"image\/jpeg"}],"author":"admin","twitter_card":"summary_large_image","twitter_misc":{"Napisane przez":"admin"},"schema":{"@context":"https:\/\/schema.org","@graph":[{"@type":"Article","@id":"https:\/\/explora.pl\/blog\/niepodlegla-regionalna-w-archiwum-11-11-2018-r-koszalin\/#article","isPartOf":{"@id":"https:\/\/explora.pl\/blog\/niepodlegla-regionalna-w-archiwum-11-11-2018-r-koszalin\/"},"author":{"name":"admin","@id":"https:\/\/explora.pl\/blog\/#\/schema\/person\/00863b1d43bf8bb4b4545c9816e856d9"},"headline":"Niepodleg\u0142a Regionalna w Archiwum &#8211; 11.11.2018 r. &#8211; Koszalin","datePublished":"2018-11-22T11:48:31+00:00","dateModified":"2018-11-22T12:03:18+00:00","mainEntityOfPage":{"@id":"https:\/\/explora.pl\/blog\/niepodlegla-regionalna-w-archiwum-11-11-2018-r-koszalin\/"},"wordCount":32,"image":{"@id":"https:\/\/explora.pl\/blog\/niepodlegla-regionalna-w-archiwum-11-11-2018-r-koszalin\/#primaryimage"},"thumbnailUrl":"https:\/\/explora.pl\/blog\/wp-content\/uploads\/2018\/11\/apkoszalinwww088.jpg","inLanguage":"pl-PL"},{"@type":"WebPage","@id":"https:\/\/explora.pl\/blog\/niepodlegla-regionalna-w-archiwum-11-11-2018-r-koszalin\/","url":"https:\/\/explora.pl\/blog\/niepodlegla-regionalna-w-archiwum-11-11-2018-r-koszalin\/","name":"Niepodleg\u0142a Regionalna w Archiwum - 11.11.2018 r. - Koszalin - Fotograf Koszalin, Fotograf \u015blubny Koszalin, Fotograf \u015blubny Bia\u0142ogard, Fotograf Bia\u0142ogard, zdj\u0119cia \u015blubne Koszalin","isPartOf":{"@id":"https:\/\/explora.pl\/blog\/#website"},"primaryImageOfPage":{"@id":"https:\/\/explora.pl\/blog\/niepodlegla-regionalna-w-archiwum-11-11-2018-r-koszalin\/#primaryimage"},"image":{"@id":"https:\/\/explora.pl\/blog\/niepodlegla-regionalna-w-archiwum-11-11-2018-r-koszalin\/#primaryimage"},"thumbnailUrl":"https:\/\/explora.pl\/blog\/wp-content\/uploads\/2018\/11\/apkoszalinwww088.jpg","datePublished":"2018-11-22T11:48:31+00:00","dateModified":"2018-11-22T12:03:18+00:00","author":{"@id":"https:\/\/explora.pl\/blog\/#\/schema\/person\/00863b1d43bf8bb4b4545c9816e856d9"},"breadcrumb":{"@id":"https:\/\/explora.pl\/blog\/niepodlegla-regionalna-w-archiwum-11-11-2018-r-koszalin\/#breadcrumb"},"inLanguage":"pl-PL","potentialAction":[{"@type":"ReadAction","target":["https:\/\/explora.pl\/blog\/niepodlegla-regionalna-w-archiwum-11-11-2018-r-koszalin\/"]}]},{"@type":"ImageObject","inLanguage":"pl-PL","@id":"https:\/\/explora.pl\/blog\/niepodlegla-regionalna-w-archiwum-11-11-2018-r-koszalin\/#primaryimage","url":"https:\/\/explora.pl\/blog\/wp-content\/uploads\/2018\/11\/apkoszalinwww088.jpg","contentUrl":"https:\/\/explora.pl\/blog\/wp-content\/uploads\/2018\/11\/apkoszalinwww088.jpg","width":1250,"height":833},{"@type":"BreadcrumbList","@id":"https:\/\/explora.pl\/blog\/niepodlegla-regionalna-w-archiwum-11-11-2018-r-koszalin\/#breadcrumb","itemListElement":[{"@type":"ListItem","position":1,"name":"Strona g\u0142\u00f3wna","item":"https:\/\/explora.pl\/blog\/"},{"@type":"ListItem","position":2,"name":"Niepodleg\u0142a Regionalna w Archiwum &#8211; 11.11.2018 r. &#8211; Koszalin"}]},{"@type":"WebSite","@id":"https:\/\/explora.pl\/blog\/#website","url":"https:\/\/explora.pl\/blog\/","name":"Fotograf Koszalin, Fotograf \u015blubny Koszalin, Fotograf \u015blubny Bia\u0142ogard, Fotograf Bia\u0142ogard, zdj\u0119cia \u015blubne Koszalin","description":"Fotografia \u015blubna Koszalin, portretowa, u\u017cytkowa oraz ekspresowe zdj\u0119cia do dokument\u00f3w - Koszalin","potentialAction":[{"@type":"SearchAction","target":{"@type":"EntryPoint","urlTemplate":"https:\/\/explora.pl\/blog\/?s={search_term_string}"},"query-input":{"@type":"PropertyValueSpecification","valueRequired":true,"valueName":"search_term_string"}}],"inLanguage":"pl-PL"},{"@type":"Person","@id":"https:\/\/explora.pl\/blog\/#\/schema\/person\/00863b1d43bf8bb4b4545c9816e856d9","name":"admin","url":"https:\/\/explora.pl\/blog\/author\/admin-2\/"}]}},"_links":{"self":[{"href":"https:\/\/explora.pl\/blog\/wp-json\/wp\/v2\/posts\/3983","targetHints":{"allow":["GET"]}}],"collection":[{"href":"https:\/\/explora.pl\/blog\/wp-json\/wp\/v2\/posts"}],"about":[{"href":"https:\/\/explora.pl\/blog\/wp-json\/wp\/v2\/types\/post"}],"author":[{"embeddable":true,"href":"https:\/\/explora.pl\/blog\/wp-json\/wp\/v2\/users\/2"}],"replies":[{"embeddable":true,"href":"https:\/\/explora.pl\/blog\/wp-json\/wp\/v2\/comments?post=3983"}],"version-history":[{"count":4,"href":"https:\/\/explora.pl\/blog\/wp-json\/wp\/v2\/posts\/3983\/revisions"}],"predecessor-version":[{"id":4030,"href":"https:\/\/explora.pl\/blog\/wp-json\/wp\/v2\/posts\/3983\/revisions\/4030"}],"wp:featuredmedia":[{"embeddable":true,"href":"https:\/\/explora.pl\/blog\/wp-json\/wp\/v2\/media\/3988"}],"wp:attachment":[{"href":"https:\/\/explora.pl\/blog\/wp-json\/wp\/v2\/media?parent=3983"}],"wp:term":[{"taxonomy":"category","embeddable":true,"href":"https:\/\/explora.pl\/blog\/wp-json\/wp\/v2\/categories?post=3983"},{"taxonomy":"post_tag","embeddable":true,"href":"https:\/\/explora.pl\/blog\/wp-json\/wp\/v2\/tags?post=3983"}],"curies":[{"name":"wp","href":"https:\/\/api.w.org\/{rel}","templated":true}]}}